{"id":1279,"date":"2021-09-21T14:57:08","date_gmt":"2021-09-21T11:57:08","guid":{"rendered":"https:\/\/www.dnzpoliklinik.com\/?p=1279"},"modified":"2025-12-03T12:04:30","modified_gmt":"2025-12-03T09:04:30","slug":"perte-de-cheveux-chez-les-hommes","status":"publish","type":"post","link":"https:\/\/www.dnzpoliklinik.com\/fr\/perte-de-cheveux-chez-les-hommes\/","title":{"rendered":"Perte de cheveux chez les hommes"},"content":{"rendered":"<h2>Traitement de la perte de cheveux chez les hommes<\/h2>\n<p>La&nbsp;<strong>perte de cheveux de type masculin<\/strong>, qui est courante \u00e0 notre \u00e9poque, est l\u2019apparition de la calvitie directement \u00e0 partir du sommet de la t\u00eate. Ce probl\u00e8me survient surtout chez de nombreux hommes du groupe d\u2019\u00e2ge moyen et avanc\u00e9. Si ce probl\u00e8me, qui survient pour diverses raisons, ne peut \u00eatre trait\u00e9, il peut entra\u00eener des probl\u00e8mes mentaux, du stress, des sympt\u00f4mes de d\u00e9pression, une faible estime de soi et de nombreux autres probl\u00e8mes chez les individus.<\/p>\n<p>La chute des cheveux, qui est le cauchemar des hommes, est aujourd\u2019hui efficacement trait\u00e9e m\u00e9dicalement. Ce probl\u00e8me dispara\u00eet en quelques semaines, notamment gr\u00e2ce au s\u00e9rum et aux m\u00e9dicaments sous forme de comprim\u00e9s d\u00e9velopp\u00e9s. Cependant, il est important pour ceux qui souffrent de&nbsp;<strong>perte de cheveux de type masculin<\/strong>&nbsp;de consulter rapidement un m\u00e9decin pour le succ\u00e8s du processus de traitement.<\/p>\n<h2>Qu\u2019est-ce que la calvitie masculine&nbsp;? Comment \u00e9viter&nbsp;?<\/h2>\n<p>Curieux&nbsp;<strong>la perte de cheveux chez l\u2019homme<\/strong>&nbsp;est l\u2019apparition de la calvitie du haut de la t\u00eate. . Ce probl\u00e8me devient de plus en plus fr\u00e9quent chez les g\u00e9n\u00e9rations plus jeunes en raison de nombreux probl\u00e8mes provoqu\u00e9s par notre \u00e2ge.<\/p>\n<p>Bien qu\u2019il existe diverses m\u00e9thodes de traitement naturel pour la perte de cheveux chez les hommes, les traitements m\u00e9dicaux qui offrent les r\u00e9sultats les plus efficaces sont davantage pr\u00e9f\u00e9r\u00e9s. Dans ce contexte, le probl\u00e8me de la calvitie peut \u00eatre \u00e9limin\u00e9 \u00e0 vie. Cependant, pendant le processus de traitement, le m\u00e9decin doit agir conform\u00e9ment aux instructions. La perte de cheveux peut d\u00e9sormais \u00eatre \u00e9vit\u00e9e.<\/p>\n<h2>Qu\u2019est-ce qui est bon pour la perte de cheveux chez les hommes&nbsp;?<\/h2>\n<p>Certains produits naturels peuvent \u00e9galement \u00eatre bons pour la perte de cheveux chez les hommes. Il existe \u00e9galement des preuves scientifiques de cela. Certains shampoings de qualit\u00e9, propos\u00e9s \u00e0 la vente \u00e0 des prix abordables, profitent particuli\u00e8rement \u00e0 ce probl\u00e8me. De tels produits peuvent \u00e9liminer d\u00e9finitivement le probl\u00e8me des pellicules intenses qui provoquent la chute des cheveux.<\/p>\n<p>La formation de pellicules est l\u2019une des causes les plus efficaces de la perte de cheveux. En dehors de cela, certains produits nourrissants pour les cheveux de type s\u00e9rum, contenant notamment de la cr\u00e9atine et de la vitamine e, peuvent arr\u00eater d\u00e9finitivement la chute des cheveux chez les hommes. Une consommation r\u00e9guli\u00e8re et ad\u00e9quate de produits alimentaires contenant de l\u2019e et de la cr\u00e9atine au quotidien sera b\u00e9n\u00e9fique.<\/p>\n<h2>Jusqu\u2019\u00e0 quel \u00e2ge les hommes perdent-ils leurs cheveux&nbsp;?<\/h2>\n<p>Cela n\u2019a pas encore \u00e9t\u00e9 prouv\u00e9 scientifiquement. Cependant, dans le cadre des avis \u00e9mis par les experts, il a \u00e9t\u00e9 constat\u00e9 que la calvitie masculine manifeste son effet en moyenne \u00e0 partir de la tranche d\u2019\u00e2ge de 25 \u00e0 30 ans.<\/p>\n<p>Cette situation diff\u00e8re \u00e9galement selon la structure g\u00e9n\u00e9tique des individus et les conditions environnementales. Aussi, les femmes ont ce probl\u00e8me. Surtout pendant la grossesse et les p\u00e9riodes d\u2019allaitement, de nombreuses femmes peuvent \u00e9galement subir une perte de cheveux de type masculin. De m\u00eame, les femmes devraient \u00e9galement b\u00e9n\u00e9ficier de ces pratiques de traitement.<\/p>\n<h3>Quelle carence en vitamines provoque la perte de cheveux chez les hommes&nbsp;?<\/h3>\n<p>Les femmes et&nbsp;<strong>la perte de cheveux chez les hommes<\/strong>&nbsp;se produisent \u00e9galement en raison de la carence de certaines vitamines. Au d\u00e9but des vitamines qui nourrissent les cheveux, il y a des vitamines sp\u00e9ciales appel\u00e9es E et cr\u00e9atine. Le manque de ces deux vitamines peut entra\u00eener la perte de sant\u00e9 des follicules pileux. Cette situation, associ\u00e9e \u00e0 la perte rapide de qualit\u00e9 des racines, provoque la chute des cheveux. Pour cette raison, les suppl\u00e9ments m\u00e9dicaux et naturels pour les vitamines pertinentes doivent \u00eatre appliqu\u00e9s en premier dans le probl\u00e8me de la perte de cheveux.<\/p>\n<h3>Que faire pour renforcer les racines des cheveux masculins&nbsp;?<\/h3>\n<p>Il existe certaines m\u00e9thodes pour renforcer les follicules pileux masculins. Parmi celles-ci, de nombreuses pr\u00e9cautions peuvent \u00eatre prises telles que la consommation quotidienne d\u2019aliments contenant de la vitamine E et de la cr\u00e9atine, la pr\u00e9vention du stress et de l\u2019anxi\u00e9t\u00e9, une alimentation \u00e9quilibr\u00e9e et saine, des soins capillaires r\u00e9guliers et l\u2019utilisation de shampoings capillaires de qualit\u00e9. De plus, une m\u00e9thode efficace de traitement des cheveux au laser peut \u00eatre utilis\u00e9e en toute s\u00e9curit\u00e9.<\/p>\n<h2>\u00c0 quoi ressemble la calvitie masculine&nbsp;?<\/h2>\n<p>La calvitie masculine, qui se voit globalement, peut \u00eatre remarqu\u00e9e m\u00eame de pr\u00e8s ou de loin, selon le stade de la calvitie. La calvitie masculine est d\u00e9finie comme l\u2019amincissement de la zone pileuse sur le front sous la forme d\u2019une couronne directement vers le haut, la r\u00e9traction de la t\u00eate vers la couronne ou son apparition dans cette r\u00e9gion.<\/p>\n<h2>Quelles sont les causes de la calvitie masculine&nbsp;?<\/h2>\n<p>La perte de cheveux chez les hommes peut survenir pour de nombreuses raisons. Des facteurs tels que la structure g\u00e9n\u00e9tique, le stress intense, le rythme de travail stressant intense, le facteur \u00e2ge, les conditions environnementales, l\u2019apport insuffisant de vitamines efficaces dans la nutrition des cheveux, une alimentation d\u00e9s\u00e9quilibr\u00e9e, diverses maladies de la peau sont les principales causes de ce probl\u00e8me. \u00c0 cet \u00e9gard, il est recommand\u00e9 de rester \u00e0 l\u2019\u00e9cart des raisons li\u00e9es afin de ne pas s\u2019exposer au probl\u00e8me.<\/p>\n<h2>La perte de cheveux chez les hommes et ses caract\u00e9ristiques<\/h2>\n<p>Ce probl\u00e8me peut \u00eatre effectif dans la vingtaine, c\u2019est-\u00e0-dire l\u2019adolescence, ainsi qu\u2019\u00e0 l\u2019\u00e2ge de 50 ans et plus. \u00c0 cet \u00e9gard, la&nbsp;<strong>perte de cheveux de type masculin<\/strong>&nbsp;peut pr\u00e9senter des sympt\u00f4mes diff\u00e9rents selon les individus. Selon la structure g\u00e9n\u00e9tique, ce probl\u00e8me peut survenir aussi bien t\u00f4t que tard.<\/p>\n<p>Cependant, ce probl\u00e8me ne se pose pas dans la partie nuque. Parce que cette zone est la zone o\u00f9 les follicules pileux conservent leur qualit\u00e9 tout au long de la vie. En fait, dans de nombreuses techniques de greffe de cheveux, les greffons sont obtenus directement \u00e0 partir de cette zone.<\/p>\n<h3>Perte de cheveux de type masculin et pr\u00e9disposition g\u00e9n\u00e9tique<\/h3>\n<p>Selon la pr\u00e9disposition g\u00e9n\u00e9tique, une perte de cheveux de type masculin peut \u00eatre observ\u00e9e. Ce probl\u00e8me survient plus fr\u00e9quemment, en particulier dans la tranche d\u2019\u00e2ge de 30 \u00e0 50 ans.<\/p>\n<h3>Moyens de pr\u00e9vention de la perte de cheveux chez les hommes<\/h3>\n<p>Le risque de perte de cheveux chez les hommes peut \u00eatre r\u00e9duit gr\u00e2ce \u00e0 des m\u00e9thodes de pr\u00e9vention efficaces. Il peut \u00eatre pris r\u00e9guli\u00e8rement \u00e0 partir de produits alimentaires naturels et de comprim\u00e9s contenant beaucoup de vitamines apparent\u00e9es. Des habitudes sportives et nutritionnelles r\u00e9guli\u00e8res quotidiennes peuvent \u00eatre acquises.<\/p>\n<h3>Peut-on arr\u00eater la perte de cheveux chez les hommes&nbsp;?<\/h3>\n<p>Ce probl\u00e8me est tr\u00e8s difficile \u00e0 arr\u00eater, surtout s\u2019il est d\u00fb \u00e0 la structure g\u00e9n\u00e9tique. M\u00eame dans ce cas, le traitement est possible. Mais dans d\u2019autres cas, ce probl\u00e8me peut \u00eatre facilement arr\u00eat\u00e9.<\/p>\n<h3>L\u2019application Prp est-elle appliqu\u00e9e \u00e0 la perte de cheveux chez les hommes&nbsp;?<\/h3>\n<p>La perte de cheveux de type masculin, qui est demand\u00e9e par les hommes et les femmes, peut \u00eatre appliqu\u00e9e au prp. La perte de cheveux peut \u00eatre \u00e9vit\u00e9e gr\u00e2ce \u00e0 cette m\u00e9thode. Cependant, un centre de traitement capillaire professionnel devrait \u00eatre pr\u00e9f\u00e9r\u00e9.<\/p>\n<h3>Quelle substance est efficace pour la perte de cheveux chez les hommes&nbsp;?<\/h3>\n<p>La substance la plus efficace dans ce probl\u00e8me, qui est \u00e9galement d\u00e9fini comme la calvitie dans la soci\u00e9t\u00e9, est la cr\u00e9atine et les vitamines nourrissantes pour les cheveux avec de la vitamine E. Les follicules pileux affaiblis par ces vitamines peuvent \u00eatre \u00e0 nouveau renforc\u00e9s. De plus, en cas de perte de cheveux au stade pr\u00e9coce, les racines peuvent repousser.<\/p>\n<h3>La calvitie masculine dispara\u00eet-elle d\u2019elle-m\u00eame&nbsp;?<\/h3>\n<p>Il est tr\u00e8s difficile que ce probl\u00e8me disparaisse de lui-m\u00eame. Surtout dans la calvitie due \u00e0 la structure g\u00e9n\u00e9tique, des traitements m\u00e9dicaux doivent \u00eatre suivis. Il est possible que la calvitie, qui survient \u00e0 la suite d\u2019un stress intense et d\u2019autres raisons simples, perde son effet spontan\u00e9ment avec des traitements naturels simples.<\/p>\n<h2>Quelles sont les \u00e9tapes de la calvitie masculine&nbsp;?<\/h2>\n<p>Ce probl\u00e8me se produit sur certaines phases. Cependant, il peut ne pas \u00eatre possible pour les individus d\u2019\u00eatre pleinement inform\u00e9s des stades de calvitie en question. La premi\u00e8re \u00e9tape est un l\u00e9ger \u00e9largissement de la ligne frontale directe. La deuxi\u00e8me \u00e9tape est la progression de la calvitie jusqu\u2019au milieu du front. La derni\u00e8re \u00e9tape est la calvitie compl\u00e8te du cr\u00e2ne, \u00e0 l\u2019exception de la nuque. En d\u2019autres termes, la calvitie se compose de 3 \u00e9tapes au total.<\/p>\n<p>Dans les 3 \u00e9tapes, la perte de cheveux peut se poursuivre rapidement si les traitements n\u00e9cessaires ne sont pas pris. En particulier, les individus ne pr\u00eatent pas attention \u00e0 ce probl\u00e8me et ne restent pas \u00e0 l\u2019\u00e9cart des facteurs qui provoquent la perte de cheveux, ce qui peut d\u00e9clencher le probl\u00e8me pour continuer \u00e0 vitesse maximale. Le probl\u00e8me de la calvitie peut entra\u00eener une faible confiance en soi chez les hommes et les femmes, une baisse de la productivit\u00e9 dans les domaines social et professionnel et des probl\u00e8mes mentaux.<\/p>\n<p>Aujourd\u2019hui, ce probl\u00e8me peut \u00eatre r\u00e9solu aux tarifs les plus abordables, notamment par la voie m\u00e9dicale. Par rapport aux m\u00e9thodes de greffe de cheveux Fue et Fut, vous pouvez vous d\u00e9barrasser de votre probl\u00e8me de calvitie \u00e0 vie avec un traitement m\u00e9dicamenteux. La calvitie est sans aucun doute l\u2019un des probl\u00e8mes les plus courants chez les hommes.<\/p>\n<p>Ce probl\u00e8me joue \u00e9galement un r\u00f4le dans le d\u00e9clenchement d\u2019une vie sexuelle malsaine. \u00c0 cet \u00e9gard, t\u00f4t sans avoir besoin d\u2019une greffe de cheveux \u00e0 co\u00fbt \u00e9lev\u00e9 et sans&nbsp;<strong>type masculin<\/strong>&nbsp;<strong>perte de cheveux<\/strong>&lt;\/span &gt; des pr\u00e9cautions doivent \u00eatre prises en m\u00eame temps.<\/p>\n","protected":false},"excerpt":{"rendered":"<p>Traitement de la perte de cheveux chez les hommes La&nbsp;perte de cheveux de type masculin, qui est courante \u00e0 notre \u00e9poque, est l\u2019apparition de la calvitie directement \u00e0 partir du sommet de la t\u00eate. Ce probl\u00e8me survient surtout chez de nombreux hommes du groupe d\u2019\u00e2ge moyen et avanc\u00e9. Si ce probl\u00e8me, qui survient pour diverses [&hellip;]<\/p>\n","protected":false},"author":1,"featured_media":1280,"comment_status":"open","ping_status":"open","sticky":false,"template":"","format":"standard","meta":{"ngg_post_thumbnail":0,"footnotes":""},"categories":[4],"tags":[],"class_list":["post-1279","post","type-post","status-publish","format-standard","has-post-thumbnail","hentry","category-blog"],"_links":{"self":[{"href":"https:\/\/www.dnzpoliklinik.com\/fr\/wp-json\/wp\/v2\/posts\/1279","targetHints":{"allow":["GET"]}}],"collection":[{"href":"https:\/\/www.dnzpoliklinik.com\/fr\/wp-json\/wp\/v2\/posts"}],"about":[{"href":"https:\/\/www.dnzpoliklinik.com\/fr\/wp-json\/wp\/v2\/types\/post"}],"author":[{"embeddable":true,"href":"https:\/\/www.dnzpoliklinik.com\/fr\/wp-json\/wp\/v2\/users\/1"}],"replies":[{"embeddable":true,"href":"https:\/\/www.dnzpoliklinik.com\/fr\/wp-json\/wp\/v2\/comments?post=1279"}],"version-history":[{"count":2,"href":"https:\/\/www.dnzpoliklinik.com\/fr\/wp-json\/wp\/v2\/posts\/1279\/revisions"}],"predecessor-version":[{"id":3176,"href":"https:\/\/www.dnzpoliklinik.com\/fr\/wp-json\/wp\/v2\/posts\/1279\/revisions\/3176"}],"wp:featuredmedia":[{"embeddable":true,"href":"https:\/\/www.dnzpoliklinik.com\/fr\/wp-json\/wp\/v2\/media\/1280"}],"wp:attachment":[{"href":"https:\/\/www.dnzpoliklinik.com\/fr\/wp-json\/wp\/v2\/media?parent=1279"}],"wp:term":[{"taxonomy":"category","embeddable":true,"href":"https:\/\/www.dnzpoliklinik.com\/fr\/wp-json\/wp\/v2\/categories?post=1279"},{"taxonomy":"post_tag","embeddable":true,"href":"https:\/\/www.dnzpoliklinik.com\/fr\/wp-json\/wp\/v2\/tags?post=1279"}],"curies":[{"name":"wp","href":"https:\/\/api.w.org\/{rel}","templated":true}]}}